{"id":3770,"date":"2020-04-07T17:37:55","date_gmt":"2020-04-07T14:37:55","guid":{"rendered":"http:\/\/www.palamuse.edu.ee\/web3\/?p=3770"},"modified":"2020-04-07T17:45:33","modified_gmt":"2020-04-07T14:45:33","slug":"abivajadusest-teatamine","status":"publish","type":"post","link":"https:\/\/www.palamuse.edu.ee\/web3\/2020\/04\/07\/abivajadusest-teatamine\/","title":{"rendered":"Abivajadusest teatamine"},"content":{"rendered":"\n<p>Oleme Palamuse kooli poolt korraldanud sooja koolil\u00f5una kojutoomise neile, kelle abivajaduse kohta oli klassijuhatajatel ja sotsiaalpedagoogil info. Oleme seejuures l\u00e4htunud Haridus- ja Teadusministeeriumi <a href=\"http:\/\/bit.ly\/HTMsoovitusedToitlustamiseks\">soovitustest<\/a>.\u00a0<\/p>\n<p>Ometi v\u00f5ib juhtuda, et seoses eriolukorra kehtestamisega vajavad koolil\u00f5unat ka need, kelle kohta meil infot ei ole. Soovime omalt poolt toetada k\u00f5iki meie kooli \u00f5pilasi ja palume teil t\u00e4ita k\u00fcsimustik juhul, kui perel on vajadus abi ja toe j\u00e4rele.<br \/>K\u00fcsimustiku saate t\u00e4ita <a href=\"https:\/\/forms.office.com\/Pages\/ResponsePage.aspx?id=7gu2O98yE0iKc0bAXVSmuqAUU4WOcwpBsaXCRUql1KtUNTI0UDE2MUVFVDhRWVMwWDBWS1c3UUlUQi4u\"><strong><span style=\"color: #800000;\">siin<\/span><\/strong><\/a><span style=\"color: #000000;\">.<\/span>\u00a0<\/p>\n<p>See vajadus v\u00f5ib olla erinev. N\u00e4iteks kui m\u00f5lemad vanemad peavad v\u00e4ltimatult k\u00e4ima t\u00f6\u00f6l ning ei saa algklasside lapsele tagada sooja toidu olemasolu t\u00f6\u00f6p\u00e4evadel, kuni selleni, et pere vajabki toiduabi, sest majanduslik seis on j\u00e4rsult eriolukorra t\u00f5ttu halvenenud v\u00f5i pere on haigestunud v\u00f5i on hoopis vaja lisatuge \u00f5ppimisega.<\/p>\n<p>Kui aravate, et ka Teie pere ei saa tagada olulistel p\u00f5hjustel l\u00f5unas\u00f6\u00f6ki oma lapsele, olete sattunud toimetulekuraskustesse, siis palun vastake k\u00fcsimustikule v\u00f5i v\u00f5tke \u00fchendust kooli sotsiaalpedagoog Maila Korkmanniga l\u00e4bi Stuudiumi, et saaks selgitada abivajadust. Kui kooli v\u00f5imalustest j\u00e4\u00e4b v\u00e4heks, teavitame valla sotsiaalosakonda. <br \/>K\u00fcsimustiku saate t\u00e4ita <a href=\"https:\/\/forms.office.com\/Pages\/ResponsePage.aspx?id=7gu2O98yE0iKc0bAXVSmuqAUU4WOcwpBsaXCRUql1KtUNTI0UDE2MUVFVDhRWVMwWDBWS1c3UUlUQi4u\"><strong><span style=\"color: #800000;\">siin<\/span><\/strong><\/a>.<\/p>\n<p>Laekunud tagasiside vaatame \u00fcle igap\u00e4evaselt ning abivajajatega v\u00f5tame \u00fchendust.<\/p>\n<p>Head,<br \/>OLPG juhtkond ja HEV t\u00f6\u00f6r\u00fchm<\/p>\n","protected":false},"excerpt":{"rendered":"<p>Oleme Palamuse kooli poolt korraldanud sooja koolil\u00f5una kojutoomise neile, kelle abivajaduse kohta oli klassijuhatajatel ja sotsiaalpedagoogil info. Oleme seejuures l\u00e4htunud Haridus- ja Teadusministeeriumi soovitustest.\u00a0 Ometi v\u00f5ib juhtuda, et seoses eriolukorra kehtestamisega vajavad koolil\u00f5unat ka need, kelle kohta meil infot ei ole. Soovime omalt poolt toetada k\u00f5iki meie kooli \u00f5pilasi ja palume teil t\u00e4ita k\u00fcsimustik juhul, &hellip; <\/p>\n<p><a class=\"more-link btn\" href=\"https:\/\/www.palamuse.edu.ee\/web3\/2020\/04\/07\/abivajadusest-teatamine\/\">J\u00e4tka lugemist<\/a><\/p>\n","protected":false},"author":4,"featured_media":0,"comment_status":"closed","ping_status":"closed","sticky":false,"template":"","format":"standard","meta":[],"categories":[5],"tags":[],"_links":{"self":[{"href":"https:\/\/www.palamuse.edu.ee\/web3\/wp-json\/wp\/v2\/posts\/3770"}],"collection":[{"href":"https:\/\/www.palamuse.edu.ee\/web3\/wp-json\/wp\/v2\/posts"}],"about":[{"href":"https:\/\/www.palamuse.edu.ee\/web3\/wp-json\/wp\/v2\/types\/post"}],"author":[{"embeddable":true,"href":"https:\/\/www.palamuse.edu.ee\/web3\/wp-json\/wp\/v2\/users\/4"}],"replies":[{"embeddable":true,"href":"https:\/\/www.palamuse.edu.ee\/web3\/wp-json\/wp\/v2\/comments?post=3770"}],"version-history":[{"count":4,"href":"https:\/\/www.palamuse.edu.ee\/web3\/wp-json\/wp\/v2\/posts\/3770\/revisions"}],"predecessor-version":[{"id":3887,"href":"https:\/\/www.palamuse.edu.ee\/web3\/wp-json\/wp\/v2\/posts\/3770\/revisions\/3887"}],"wp:attachment":[{"href":"https:\/\/www.palamuse.edu.ee\/web3\/wp-json\/wp\/v2\/media?parent=3770"}],"wp:term":[{"taxonomy":"category","embeddable":true,"href":"https:\/\/www.palamuse.edu.ee\/web3\/wp-json\/wp\/v2\/categories?post=3770"},{"taxonomy":"post_tag","embeddable":true,"href":"https:\/\/www.palamuse.edu.ee\/web3\/wp-json\/wp\/v2\/tags?post=3770"}],"curies":[{"name":"wp","href":"https:\/\/api.w.org\/{rel}","templated":true}]}}