{"id":3663,"date":"2020-03-06T15:52:53","date_gmt":"2020-03-06T13:52:53","guid":{"rendered":"http:\/\/www.palamuse.edu.ee\/web3\/?p=3663"},"modified":"2020-03-09T08:44:37","modified_gmt":"2020-03-09T06:44:37","slug":"hea-tulemus-teatevoistluselt-tahelepanu-start-2","status":"publish","type":"post","link":"https:\/\/www.palamuse.edu.ee\/web3\/2020\/03\/06\/hea-tulemus-teatevoistluselt-tahelepanu-start-2\/","title":{"rendered":"hea tulemus teatev\u00f5istluselt &#8220;T\u00e4helepanu, start!&#8221;"},"content":{"rendered":"\n<p>J\u00f5gevamaa T\u00e4helepanu, start! teatev\u00f5istluste I etapp toimus 22. jaanuaril 2020 P\u00f5ltsamaal ja 04. m\u00e4rtsil 2020 Tormas.<\/p>\n<p>Palamuse kooli v\u00f5istkond saavutas suurte v\u00f5istkondade (24 \u00f5pilast; \u00f5pilaste arv koolis 100 ja rohkem) arvestuses I etapil ja\u00a0 II etapil ning ka \u00fcldkokkuv\u00f5ttes <strong>III koha<\/strong>.<\/p>\n<p>V\u00f5istkonda kuulusid:<br \/>2. klass: <strong>Oliver J\u00f5emets<\/strong>, <strong>Luisa Mirell Kalamees<\/strong>, <span style=\"font-size: inherit;\"><strong>Jasper K\u00e4go<\/strong>,\u00a0<\/span><strong>Mariela Renate Labe<\/strong>, <span style=\"font-size: inherit;\"><strong>Oskar Puusta<\/strong>, <\/span><strong>Kaisa Raudsep<\/strong><br \/>3. klass: <strong>Kerli Aus<\/strong>, <strong>Rico Sebastian Klaar<\/strong>,\u00a0<strong> Ly-Sandra Vool<\/strong>, <strong>Elina-May Must<\/strong>, <strong>Oskar K\u00fclm<\/strong> (I etapp), <strong>Romet Svjatski<\/strong> (I etapp), <strong>Anders Aasmaa<\/strong> (II etapp)<br \/>4. klass:\u00a0 <strong>Even Kaasik<\/strong>, <strong>Miia M\u00e4gi<\/strong>, <strong>Sonja Plato <\/strong>(I etapp), <strong>Romer R\u00e4\u00e4bis<\/strong>, <strong>Rasmus Soomelt<\/strong>, <strong>Heelika Haljas<\/strong><br \/>5. klass: <strong>Kertu-Kaisa Kalamees<\/strong>, <strong>Kertu Kull<\/strong>, <strong>Oskar Kevv\u00e4t<\/strong>, <strong>Kertu Kivimurd<\/strong>, <strong>Sten-Joosep M\u00e4llo<\/strong>, <strong>Kaarel Toim<\/strong><br \/><br \/><\/p>\n<p>\u00d5pilasi juhendavad <strong>Ester Laumets<\/strong> ja <strong>Merike Olgo<\/strong> (4. klass).<\/p>\n","protected":false},"excerpt":{"rendered":"<p>J\u00f5gevamaa T\u00e4helepanu, start! teatev\u00f5istluste I etapp toimus 22. jaanuaril 2020 P\u00f5ltsamaal ja 04. m\u00e4rtsil 2020 Tormas. Palamuse kooli v\u00f5istkond saavutas suurte v\u00f5istkondade (24 \u00f5pilast; \u00f5pilaste arv koolis 100 ja rohkem) arvestuses I etapil ja\u00a0 II etapil ning ka \u00fcldkokkuv\u00f5ttes III koha. V\u00f5istkonda kuulusid:2. klass: Oliver J\u00f5emets, Luisa Mirell Kalamees, Jasper K\u00e4go,\u00a0Mariela Renate Labe, Oskar Puusta, &hellip; <\/p>\n<p><a class=\"more-link btn\" href=\"https:\/\/www.palamuse.edu.ee\/web3\/2020\/03\/06\/hea-tulemus-teatevoistluselt-tahelepanu-start-2\/\">J\u00e4tka lugemist<\/a><\/p>\n","protected":false},"author":4,"featured_media":0,"comment_status":"closed","ping_status":"closed","sticky":false,"template":"","format":"standard","meta":[],"categories":[5],"tags":[],"_links":{"self":[{"href":"https:\/\/www.palamuse.edu.ee\/web3\/wp-json\/wp\/v2\/posts\/3663"}],"collection":[{"href":"https:\/\/www.palamuse.edu.ee\/web3\/wp-json\/wp\/v2\/posts"}],"about":[{"href":"https:\/\/www.palamuse.edu.ee\/web3\/wp-json\/wp\/v2\/types\/post"}],"author":[{"embeddable":true,"href":"https:\/\/www.palamuse.edu.ee\/web3\/wp-json\/wp\/v2\/users\/4"}],"replies":[{"embeddable":true,"href":"https:\/\/www.palamuse.edu.ee\/web3\/wp-json\/wp\/v2\/comments?post=3663"}],"version-history":[{"count":3,"href":"https:\/\/www.palamuse.edu.ee\/web3\/wp-json\/wp\/v2\/posts\/3663\/revisions"}],"predecessor-version":[{"id":3667,"href":"https:\/\/www.palamuse.edu.ee\/web3\/wp-json\/wp\/v2\/posts\/3663\/revisions\/3667"}],"wp:attachment":[{"href":"https:\/\/www.palamuse.edu.ee\/web3\/wp-json\/wp\/v2\/media?parent=3663"}],"wp:term":[{"taxonomy":"category","embeddable":true,"href":"https:\/\/www.palamuse.edu.ee\/web3\/wp-json\/wp\/v2\/categories?post=3663"},{"taxonomy":"post_tag","embeddable":true,"href":"https:\/\/www.palamuse.edu.ee\/web3\/wp-json\/wp\/v2\/tags?post=3663"}],"curies":[{"name":"wp","href":"https:\/\/api.w.org\/{rel}","templated":true}]}}