{"id":2428,"date":"2018-04-24T13:42:23","date_gmt":"2018-04-24T10:42:23","guid":{"rendered":"http:\/\/www.palamuse.edu.ee\/web3\/?p=2428"},"modified":"2018-04-24T15:21:07","modified_gmt":"2018-04-24T12:21:07","slug":"esikoht-voimlemisfestivalilt","status":"publish","type":"post","link":"https:\/\/www.palamuse.edu.ee\/web3\/2018\/04\/24\/esikoht-voimlemisfestivalilt\/","title":{"rendered":"Esikoht v\u00f5imlemisfestivalilt"},"content":{"rendered":"<p>Eesti Spordiseltsi Kalev poolt korraldatud v\u00f5imlemisfestival \u201cKauni r\u00fchiga ellu\u201d 2018 toimus 21.04.2018 Tallinnas.<\/p>\n<p><em>koondkava arvestuses<\/em> (r\u00fchma suurus v\u00e4hemalt 12 v\u00f5i enam \u00fche klubi erinevate vanuseklasside v\u00f5imlejat)<br \/>\n<strong>kuldplaadi<\/strong>\u00a0(97 punkti 100st) p\u00e4lvis meie kooli r\u00fchm, kus tantsivad:<br \/>\n3.b klassist: <strong>Kertu Kivimurd<\/strong><br \/>\n4.a\u00a0 klassist: <strong>Marleen Reiljan<\/strong><br \/>\n5. klassist: <strong>Hanna Vahtra<\/strong>, <strong>Erel Kivimurd<\/strong>,\u00a0<strong>Eliis Tupits<\/strong><br \/>\n6.a klassist: <strong>Janeli Kivimurd<\/strong>,\u00a0<strong>Triinu Jalg,\u00a0<\/strong><strong>Eliisabet Soosalu<\/strong>, <strong>Annabel Alaveer<\/strong><br \/>\n6.b klassist: <strong>Loora Miia K\u00fclm<\/strong>, <strong>Helena Aus<\/strong>,\u00a0<strong>Angeelika Kaasik<\/strong><br \/>\n7. klassist: <strong>Heilika Nigulas<\/strong><br \/>\n12. klassist: <strong>Johanna-Marleen Veski<\/strong>,\u00a0<strong>Kevin Jakovlev<\/strong>,\u00a0<strong>Silver Soots<\/strong>,\u00a0<strong>Teele Toomj\u00f5e<\/strong><\/p>\n<p><img loading=\"lazy\" class=\"alignnone wp-image-2434\" src=\"https:\/\/www.palamuse.edu.ee\/web3\/wp-content\/uploads\/voimlemisfestival_21042018_2-1-300x300.jpg\" alt=\"\" width=\"214\" height=\"214\" srcset=\"https:\/\/www.palamuse.edu.ee\/web3\/wp-content\/uploads\/voimlemisfestival_21042018_2-1-300x300.jpg 300w, https:\/\/www.palamuse.edu.ee\/web3\/wp-content\/uploads\/voimlemisfestival_21042018_2-1-150x150.jpg 150w, https:\/\/www.palamuse.edu.ee\/web3\/wp-content\/uploads\/voimlemisfestival_21042018_2-1-1024x1024.jpg 1024w, https:\/\/www.palamuse.edu.ee\/web3\/wp-content\/uploads\/voimlemisfestival_21042018_2-1.jpg 1080w\" sizes=\"(max-width: 214px) 100vw, 214px\" \/>\u00a0 \u00a0 \u00a0 \u00a0 \u00a0\u00a0<img loading=\"lazy\" class=\"alignnone size-medium wp-image-2432\" src=\"https:\/\/www.palamuse.edu.ee\/web3\/wp-content\/uploads\/voimlemisfestival_21042018-300x200.jpg\" alt=\"\" width=\"300\" height=\"200\" srcset=\"https:\/\/www.palamuse.edu.ee\/web3\/wp-content\/uploads\/voimlemisfestival_21042018-300x200.jpg 300w, https:\/\/www.palamuse.edu.ee\/web3\/wp-content\/uploads\/voimlemisfestival_21042018-1024x683.jpg 1024w\" sizes=\"(max-width: 300px) 100vw, 300px\" \/><\/p>\n<p>R\u00fchma juhendab <strong>Mariko Passel<\/strong>.<\/p>\n","protected":false},"excerpt":{"rendered":"<p>Eesti Spordiseltsi Kalev poolt korraldatud v\u00f5imlemisfestival \u201cKauni r\u00fchiga ellu\u201d 2018 toimus 21.04.2018 Tallinnas. koondkava arvestuses (r\u00fchma suurus v\u00e4hemalt 12 v\u00f5i enam \u00fche klubi erinevate vanuseklasside v\u00f5imlejat) kuldplaadi\u00a0(97 punkti 100st) p\u00e4lvis meie kooli r\u00fchm, kus tantsivad: 3.b klassist: Kertu Kivimurd 4.a\u00a0 klassist: Marleen Reiljan 5. klassist: Hanna Vahtra, Erel Kivimurd,\u00a0Eliis Tupits 6.a klassist: Janeli Kivimurd,\u00a0Triinu Jalg,\u00a0Eliisabet &hellip; <\/p>\n<p><a class=\"more-link btn\" href=\"https:\/\/www.palamuse.edu.ee\/web3\/2018\/04\/24\/esikoht-voimlemisfestivalilt\/\">J\u00e4tka lugemist<\/a><\/p>\n","protected":false},"author":4,"featured_media":0,"comment_status":"closed","ping_status":"closed","sticky":false,"template":"","format":"standard","meta":[],"categories":[5],"tags":[],"_links":{"self":[{"href":"https:\/\/www.palamuse.edu.ee\/web3\/wp-json\/wp\/v2\/posts\/2428"}],"collection":[{"href":"https:\/\/www.palamuse.edu.ee\/web3\/wp-json\/wp\/v2\/posts"}],"about":[{"href":"https:\/\/www.palamuse.edu.ee\/web3\/wp-json\/wp\/v2\/types\/post"}],"author":[{"embeddable":true,"href":"https:\/\/www.palamuse.edu.ee\/web3\/wp-json\/wp\/v2\/users\/4"}],"replies":[{"embeddable":true,"href":"https:\/\/www.palamuse.edu.ee\/web3\/wp-json\/wp\/v2\/comments?post=2428"}],"version-history":[{"count":5,"href":"https:\/\/www.palamuse.edu.ee\/web3\/wp-json\/wp\/v2\/posts\/2428\/revisions"}],"predecessor-version":[{"id":2447,"href":"https:\/\/www.palamuse.edu.ee\/web3\/wp-json\/wp\/v2\/posts\/2428\/revisions\/2447"}],"wp:attachment":[{"href":"https:\/\/www.palamuse.edu.ee\/web3\/wp-json\/wp\/v2\/media?parent=2428"}],"wp:term":[{"taxonomy":"category","embeddable":true,"href":"https:\/\/www.palamuse.edu.ee\/web3\/wp-json\/wp\/v2\/categories?post=2428"},{"taxonomy":"post_tag","embeddable":true,"href":"https:\/\/www.palamuse.edu.ee\/web3\/wp-json\/wp\/v2\/tags?post=2428"}],"curies":[{"name":"wp","href":"https:\/\/api.w.org\/{rel}","templated":true}]}}