{"id":1294,"date":"2017-02-20T14:46:45","date_gmt":"2017-02-20T12:46:45","guid":{"rendered":"http:\/\/www.palamuse.edu.ee\/web3\/?p=1294"},"modified":"2017-02-20T14:48:09","modified_gmt":"2017-02-20T12:48:09","slug":"esikoht-maakonna-meistri-tiitel-ja-hea-tulemus-meistrivoistlustelt-rahvastepallis","status":"publish","type":"post","link":"https:\/\/www.palamuse.edu.ee\/web3\/2017\/02\/20\/esikoht-maakonna-meistri-tiitel-ja-hea-tulemus-meistrivoistlustelt-rahvastepallis\/","title":{"rendered":"Esikoht (maakonna meistri tiitel) ja hea tulemus meistriv\u00f5istlustelt rahvastepallis"},"content":{"rendered":"<p>J\u00f5gevamaa suurte koolide 1.-3. klasside meistriv\u00f5istlused rahvastepallis toimusid 17.veebruaril 2017 P\u00f5ltsamaal.<\/p>\n<p><em>poiste arvestuses<br \/>\n<\/em><strong>I<\/strong> koht (<strong>maakonna meister<\/strong>) v\u00f5istkond koosseisus: 3.b klass &#8211; <strong>ARTHUR FEKLISTOV<\/strong>, <strong>GASPAR KALD<\/strong>, <strong>RAGNAR KLAOS<\/strong>, <strong>KERT PRITS<\/strong>, 2.klass &#8211; <strong>OSKAR KEVV\u00c4T<\/strong>, <strong>STEN JOOSEP M\u00c4LLO<\/strong>, <strong>KAAREL TOIM<\/strong>, <strong>MARTIN TUKA<\/strong>, v\u00f5istles 5 v\u00f5istkonda.<\/p>\n<p><em>t\u00fcdrukute arvestuses<br \/>\n<\/em><strong>II<\/strong> koht v\u00f5istkond koosseisus: 3.a klass &#8211;\u00a0<strong>GERDA KANTER<\/strong>, <strong>EMILY OLGO<\/strong>,\u00a0<strong>MARLEEN REILJAN<\/strong>,<br \/>\n3.b klass &#8211; <strong>DANIELA LIMBAK<\/strong>, 2.klass &#8211; <strong>KERTU KULL<\/strong>, <strong>KERTU KIVIMURD<\/strong>,<br \/>\n<strong>KERTU-KAISA KALAMEES<\/strong>, <strong>PAULA PALMSAAR<\/strong>, \u00a0 v\u00f5istles 5 v\u00f5istkonda.<\/p>\n<p>\u00d5pilasi juhendavad <strong>Aime Ojasoo<\/strong> (3.a ja 3.b klass) ja <strong>Ester Laumets<\/strong> (2.klass).<\/p>\n","protected":false},"excerpt":{"rendered":"<p>J\u00f5gevamaa suurte koolide 1.-3. klasside meistriv\u00f5istlused rahvastepallis toimusid 17.veebruaril 2017 P\u00f5ltsamaal. poiste arvestuses I koht (maakonna meister) v\u00f5istkond koosseisus: 3.b klass &#8211; ARTHUR FEKLISTOV, GASPAR KALD, RAGNAR KLAOS, KERT PRITS, 2.klass &#8211; OSKAR KEVV\u00c4T, STEN JOOSEP M\u00c4LLO, KAAREL TOIM, MARTIN TUKA, v\u00f5istles 5 v\u00f5istkonda. t\u00fcdrukute arvestuses II koht v\u00f5istkond koosseisus: 3.a klass &#8211;\u00a0GERDA KANTER, EMILY &hellip; <\/p>\n<p><a class=\"more-link btn\" href=\"https:\/\/www.palamuse.edu.ee\/web3\/2017\/02\/20\/esikoht-maakonna-meistri-tiitel-ja-hea-tulemus-meistrivoistlustelt-rahvastepallis\/\">J\u00e4tka lugemist<\/a><\/p>\n","protected":false},"author":4,"featured_media":0,"comment_status":"closed","ping_status":"closed","sticky":false,"template":"","format":"standard","meta":[],"categories":[5],"tags":[],"_links":{"self":[{"href":"https:\/\/www.palamuse.edu.ee\/web3\/wp-json\/wp\/v2\/posts\/1294"}],"collection":[{"href":"https:\/\/www.palamuse.edu.ee\/web3\/wp-json\/wp\/v2\/posts"}],"about":[{"href":"https:\/\/www.palamuse.edu.ee\/web3\/wp-json\/wp\/v2\/types\/post"}],"author":[{"embeddable":true,"href":"https:\/\/www.palamuse.edu.ee\/web3\/wp-json\/wp\/v2\/users\/4"}],"replies":[{"embeddable":true,"href":"https:\/\/www.palamuse.edu.ee\/web3\/wp-json\/wp\/v2\/comments?post=1294"}],"version-history":[{"count":3,"href":"https:\/\/www.palamuse.edu.ee\/web3\/wp-json\/wp\/v2\/posts\/1294\/revisions"}],"predecessor-version":[{"id":1299,"href":"https:\/\/www.palamuse.edu.ee\/web3\/wp-json\/wp\/v2\/posts\/1294\/revisions\/1299"}],"wp:attachment":[{"href":"https:\/\/www.palamuse.edu.ee\/web3\/wp-json\/wp\/v2\/media?parent=1294"}],"wp:term":[{"taxonomy":"category","embeddable":true,"href":"https:\/\/www.palamuse.edu.ee\/web3\/wp-json\/wp\/v2\/categories?post=1294"},{"taxonomy":"post_tag","embeddable":true,"href":"https:\/\/www.palamuse.edu.ee\/web3\/wp-json\/wp\/v2\/tags?post=1294"}],"curies":[{"name":"wp","href":"https:\/\/api.w.org\/{rel}","templated":true}]}}